{"id":22621,"date":"2023-12-05T17:16:52","date_gmt":"2023-12-05T23:16:52","guid":{"rendered":"https:\/\/newpublica.net\/mike-castillo\/"},"modified":"2025-01-10T12:51:00","modified_gmt":"2025-01-10T18:51:00","slug":"mike-castillo","status":"publish","type":"post","link":"https:\/\/copalmn.org\/es\/mike-castillo\/","title":{"rendered":"Mike Castillo"},"content":{"rendered":"\n<div style=\"height:150px\" aria-hidden=\"true\" class=\"wp-block-spacer\"><\/div>\n\n<p>Hace un buen n\u00famero de a\u00f1os, nac\u00ed en Villahermosa, Tabasco,M\u00e9xico, y fue en Cuernavaca, Morelos, M\u00e9xico, donde tuve la oportunidad de adentrarme, profesionalmente, en este apasionante mundo de la comunicaci\u00f3n electr\u00f3nica, gracias a la herencia de mi padre (tambi\u00e9n fue locutor) y por mi madre (tocaba el piano, la guitarra). Soy m\u00fasico y cr\u00e9anme, desde entonces, el 1 de noviembre de 1969, han sido las mayores bendiciones que Dios me ha dado.<\/p>\n\n<p>He vivido los mayores y m\u00e1s notorios cambios de la historia de la m\u00fasica, la radio y la televisi\u00f3n, tanto en contenidos como en tecnolog\u00eda. Especializado tanto en los formatos de transmisi\u00f3n como en la evoluci\u00f3n electr\u00f3nica, empec\u00e9 a trabajar con acetatos de 45 y 33 R.P.M., cartuchos y cintas de carrete abierto, que para nuestros j\u00f3venes de hoy deben de sonar como la Dimensi\u00f3n Desconocida; me conmovi\u00f3 la llegada del sistema DAT, el CD, el minidisc, y la llegada de la inform\u00e1tica como herramienta de trabajo indispensable&#8230;<\/p>\n\n<p>Debo comentar que, incluso con este desarrollo tecnol\u00f3gico, el crecimiento de esta industria, que es el motor m\u00e1s importante del crecimiento econ\u00f3mico, no habr\u00eda sido posible sin el talento, la creatividad y el genio de quienes trabajan dentro y fuera de las cabinas y estudios de transmisi\u00f3n. Tuve la fortuna de trabajar de 1979 a 1985, para la empresa de uno de los pioneros de la radiodifusi\u00f3n e impulsor de la radio disquera en M\u00e9xico y una de las organizaciones radiof\u00f3nicas m\u00e1s importantes de Am\u00e9rica Latina: Grupo Radio Centro, donde me dieron la tan esperada oportunidad de dirigir y conducir una estaci\u00f3n con m\u00fasica pop\/rock, en ingl\u00e9s en 1980, al primer lugar de audiencia; pero antes de llegar a esa empresa considerada por m\u00ed como la Universidad de la Radio, empec\u00e9, tal vez como todos, \u00abhaciendo de todo\u00bb, desde barrer, aprender a hacer las conexiones manuales de los controles remotos, operar los controles de cabina, grabar , producir, hacer los noticieros que eran, en ese entonces, mi gran pasi\u00f3n y que, al descubrir las dem\u00e1s \u00e1reas que conforman una estaci\u00f3n de Radio, me enamor\u00e9 de lo que me permitieron hacer por un tiempo aqu\u00ed en Minnesota&#8230;. La Direcci\u00f3n de programaci\u00f3n; Con ese sentimiento, fui parte del crecimiento de una de las empresas radiof\u00f3nicas m\u00e1s grandes de mi bello pa\u00eds, la Organizaci\u00f3n Radiorama (1988 &#8211; 1999), actualmente cuenta con muchas estaciones, entre propias y afiliadas, de las cuales, solo hice los formatos y programas de algunas de ellas y pude visitar casi toda la provincia de M\u00e9xico. Tuve la gran oportunidad en noviembre de 1985, de dise\u00f1ar, como Gerente de Operaciones, un Sistema de Radio y Televisi\u00f3n, en el Estado de Morelos. Con todo este bagaje de aprendizaje, tambi\u00e9n tuve la oportunidad de incursionar en la Televisi\u00f3n, por cierto, y para no variar, en la empresa m\u00e1s importante de este medio en mi pa\u00eds, M\u00e9xico, Televisa (1997 &#8211; 2003), donde se realiza la mayor producci\u00f3n de programaci\u00f3n hispana para transmitirse aqu\u00ed en los Estados Unidos de Am\u00e9rica y los invito a escuchar mi locuci\u00f3n, en el programa \u00abAL FIN DE SEMANA\u00bb, que se transmiti\u00f3 a nivel nacional. Para no cansarles, me trajeron a Estados Unidos en 2003, al Estado de Alabama, y desde all\u00ed tuve la oportunidad de venir a Minnesota con esa empresa hace 18 a\u00f1os. Y, recientemente, con mucho AGRADECIMIENTO y mucha emoci\u00f3n, me encontr\u00e9 con un gran amigo m\u00edo, Francisco Segovia, Director Ejecutivo de COPAL, a quien conoc\u00ed hace unos 14 o 15 a\u00f1os, siendo un extraordinario activista y en aquel entonces nos juntamos para invitar a nuestra comunidad a realizar movilizaciones\/marchas para pedir una actualizaci\u00f3n\/reforma de la Ley de Migraci\u00f3n y ahora me invit\u00f3 y acept\u00e9 unirme a su maravilloso equipo de trabajo, con quien me identifiqu\u00e9 mucho en el concepto de servicio a la comunidad y con la energ\u00eda bien cargada, como si estuviera iniciando mi carrera de locutor, aquel 9 de febrero de 1971&#8230; y haciendo lo que es mi pasi\u00f3n y que todav\u00eda amo: RADIO CON VOZ HISPANA, soy Mike Castillo, \u00a1su servidor!<\/p>\n","protected":false},"excerpt":{"rendered":"<p>Coordinador de radio<\/p>\n","protected":false},"author":1,"featured_media":22300,"comment_status":"closed","ping_status":"closed","sticky":false,"template":"","format":"standard","meta":{"_acf_changed":false,"footnotes":""},"categories":[1],"tags":[36],"class_list":["post-22621","post","type-post","status-publish","format-standard","has-post-thumbnail","hentry","category-uncategorized","tag-comunicaciones"],"acf":[],"_links":{"self":[{"href":"https:\/\/copalmn.org\/es\/wp-json\/wp\/v2\/posts\/22621","targetHints":{"allow":["GET"]}}],"collection":[{"href":"https:\/\/copalmn.org\/es\/wp-json\/wp\/v2\/posts"}],"about":[{"href":"https:\/\/copalmn.org\/es\/wp-json\/wp\/v2\/types\/post"}],"author":[{"embeddable":true,"href":"https:\/\/copalmn.org\/es\/wp-json\/wp\/v2\/users\/1"}],"replies":[{"embeddable":true,"href":"https:\/\/copalmn.org\/es\/wp-json\/wp\/v2\/comments?post=22621"}],"version-history":[{"count":1,"href":"https:\/\/copalmn.org\/es\/wp-json\/wp\/v2\/posts\/22621\/revisions"}],"predecessor-version":[{"id":22622,"href":"https:\/\/copalmn.org\/es\/wp-json\/wp\/v2\/posts\/22621\/revisions\/22622"}],"wp:featuredmedia":[{"embeddable":true,"href":"https:\/\/copalmn.org\/es\/wp-json\/wp\/v2\/media\/22300"}],"wp:attachment":[{"href":"https:\/\/copalmn.org\/es\/wp-json\/wp\/v2\/media?parent=22621"}],"wp:term":[{"taxonomy":"category","embeddable":true,"href":"https:\/\/copalmn.org\/es\/wp-json\/wp\/v2\/categories?post=22621"},{"taxonomy":"post_tag","embeddable":true,"href":"https:\/\/copalmn.org\/es\/wp-json\/wp\/v2\/tags?post=22621"}],"curies":[{"name":"wp","href":"https:\/\/api.w.org\/{rel}","templated":true}]}}