{"id":28674,"date":"2026-01-23T16:35:34","date_gmt":"2026-01-23T22:35:34","guid":{"rendered":"https:\/\/copalmn.org\/cursos-virtuales-de-formacion-para-el-caucus\/"},"modified":"2026-01-23T16:50:52","modified_gmt":"2026-01-23T22:50:52","slug":"cursos-virtuales-de-formacion-para-el-caucus","status":"publish","type":"post","link":"https:\/\/copalmn.org\/es\/cursos-virtuales-de-formacion-para-el-caucus\/","title":{"rendered":"Cursos virtuales de formaci\u00f3n para el Caucus"},"content":{"rendered":"\n<p>Hemos alzado nuestras voces en favor de la comunidad inmigrante, y ahora es el momento de dar el siguiente paso en el proceso electoral.<\/p>\n\n<p>Los caucus de Minnesota son el primer paso hacia las elecciones y tienen lugar el 3 de febrero. Aqu\u00ed es donde nuestra comunidad se re\u00fane para elevar nuestras prioridades y demandas. <\/p>\n\n<p>\u00danete a una formaci\u00f3n informativa virtual con COPAL para saber c\u00f3mo participar:<\/p>\n\n<p><br\/><\/p>\n\n<div class=\"wp-block-columns is-layout-flex wp-container-core-columns-is-layout-28f84493 wp-block-columns-is-layout-flex\">\n<div class=\"wp-block-column is-layout-flow wp-block-column-is-layout-flow\">\n<div class=\"wp-block-buttons is-content-justification-center is-layout-flex wp-container-core-buttons-is-layout-a89b3969 wp-block-buttons-is-layout-flex\">\n<div class=\"wp-block-button\"><a class=\"wp-block-button__link has-white-color has-text-color has-link-color wp-element-button\" href=\"https:\/\/secure.ngpvan.com\/ah0MyUjLZEOwV_YNU877-A2\"><strong>jue 29 &#8211; 18 h<\/strong> <\/a><\/div>\n<\/div>\n<\/div>\n\n\n\n<div class=\"wp-block-column is-layout-flow wp-block-column-is-layout-flow\">\n<div class=\"wp-block-buttons is-content-justification-center is-layout-flex wp-container-core-buttons-is-layout-a89b3969 wp-block-buttons-is-layout-flex\">\n<div class=\"wp-block-button\"><a class=\"wp-block-button__link has-white-color has-text-color has-link-color wp-element-button\" href=\"https:\/\/secure.ngpvan.com\/YO_F4U9VjU-bzncnUrlCWg2\"><strong>Sab 31 &#8211; 10 AM<\/strong><\/a><\/div>\n<\/div>\n<\/div>\n<\/div>\n\n<p><\/p>\n\n<p><\/p>\n\n<p><\/p>\n","protected":false},"excerpt":{"rendered":"<p>Hemos alzado nuestras voces en favor de la comunidad inmigrante, y ahora es el momento de dar el siguiente paso en el proceso electoral. Los caucus de Minnesota son el primer paso hacia las elecciones y tienen lugar el 3 de febrero. Aqu\u00ed es donde nuestra comunidad se re\u00fane para elevar nuestras prioridades y demandas. [&hellip;]<\/p>\n","protected":false},"author":4,"featured_media":28675,"comment_status":"open","ping_status":"open","sticky":false,"template":"","format":"standard","meta":{"_acf_changed":false,"footnotes":""},"categories":[33],"tags":[],"class_list":["post-28674","post","type-post","status-publish","format-standard","has-post-thumbnail","hentry","category-noticias"],"acf":[],"_links":{"self":[{"href":"https:\/\/copalmn.org\/es\/wp-json\/wp\/v2\/posts\/28674","targetHints":{"allow":["GET"]}}],"collection":[{"href":"https:\/\/copalmn.org\/es\/wp-json\/wp\/v2\/posts"}],"about":[{"href":"https:\/\/copalmn.org\/es\/wp-json\/wp\/v2\/types\/post"}],"author":[{"embeddable":true,"href":"https:\/\/copalmn.org\/es\/wp-json\/wp\/v2\/users\/4"}],"replies":[{"embeddable":true,"href":"https:\/\/copalmn.org\/es\/wp-json\/wp\/v2\/comments?post=28674"}],"version-history":[{"count":2,"href":"https:\/\/copalmn.org\/es\/wp-json\/wp\/v2\/posts\/28674\/revisions"}],"predecessor-version":[{"id":28679,"href":"https:\/\/copalmn.org\/es\/wp-json\/wp\/v2\/posts\/28674\/revisions\/28679"}],"wp:featuredmedia":[{"embeddable":true,"href":"https:\/\/copalmn.org\/es\/wp-json\/wp\/v2\/media\/28675"}],"wp:attachment":[{"href":"https:\/\/copalmn.org\/es\/wp-json\/wp\/v2\/media?parent=28674"}],"wp:term":[{"taxonomy":"category","embeddable":true,"href":"https:\/\/copalmn.org\/es\/wp-json\/wp\/v2\/categories?post=28674"},{"taxonomy":"post_tag","embeddable":true,"href":"https:\/\/copalmn.org\/es\/wp-json\/wp\/v2\/tags?post=28674"}],"curies":[{"name":"wp","href":"https:\/\/api.w.org\/{rel}","templated":true}]}}